{"id":60496,"date":"2024-07-03T08:14:24","date_gmt":"2024-07-03T06:14:24","guid":{"rendered":"https:\/\/olin.es\/?p=60496"},"modified":"2026-03-11T10:58:49","modified_gmt":"2026-03-11T08:58:49","slug":"olin-y-malaga-cf-una-alianza-para-el-ascenso","status":"publish","type":"post","link":"https:\/\/olin.es\/es\/blog\/olin-y-malaga-cf-una-alianza-para-el-ascenso\/","title":{"rendered":"Olin y M\u00e1laga CF: Una Alianza para el Ascenso"},"content":{"rendered":"<p>En el vibrante mundo del f\u00fatbol, hay historias que trascienden m\u00e1s all\u00e1 del campo de juego, tejiendo conexiones profundas con la comunidad y sus valores. Una de estas historias es la emocionante asociaci\u00f3n que tenemos desde Olin, una empresa de telecomunicaciones malague\u00f1a, con el M\u00e1laga CF, un equipo con una rica historia y una apasionada base de aficionados.<\/p>\n<h2 id=\"olin-orgullo-malague-o\">Olin: Orgullo Malague\u00f1o<\/h2>\n<p>Olin es una empresa que nace y crece en M\u00e1laga, con un firme compromiso hacia la innovaci\u00f3n en telecomunicaciones y el desarrollo sostenible. Desde su fundaci\u00f3n, Olin ha trabajado incansablemente para proporcionar servicios de alta calidad, conectando a las personas y fomentando el desarrollo tecnol\u00f3gico en la regi\u00f3n. Su v\u00ednculo con M\u00e1laga no es meramente comercial; es una relaci\u00f3n profundamente arraigada en el amor por la ciudad y su gente.<\/p>\n<h2 id=\"m-laga-cf-pasi-n-y-tradici-n\">M\u00e1laga CF: Pasi\u00f3n y Tradici\u00f3n<\/h2>\n<p>El M\u00e1laga CF, fundado en 1904, ha sido siempre un s\u00edmbolo de orgullo para la ciudad. A lo largo de los a\u00f1os, el club ha vivido numerosos momentos de gloria y desaf\u00edos, siempre respaldado por una fiel afici\u00f3n. La pasi\u00f3n de los seguidores malaguistas es inquebrantable, un elemento fundamental que ha impulsado al equipo a superar los obst\u00e1culos y aspirar a nuevos logros.<\/p>\n<p>Despu\u00e9s de una temporada de arduo trabajo, el M\u00e1laga CF logr\u00f3 el ansiado ascenso a la Segunda Divisi\u00f3n. Este logro no solo es un testimonio del talento y la dedicaci\u00f3n del equipo y su cuerpo t\u00e9cnico, sino tambi\u00e9n del apoyo constante de socios locales como Olin.<\/p>\n<h2 id=\"una-alianza-estrat-gica\">Una Alianza Estrat\u00e9gica<\/h2>\n<p>El patrocinio de Olin.es al M\u00e1laga CF va m\u00e1s all\u00e1 de la simple financiaci\u00f3n. Se trata de una colaboraci\u00f3n estrat\u00e9gica basada en valores compartidos y una visi\u00f3n com\u00fan para el futuro de M\u00e1laga. Olin.es, con su profundo conocimiento de la comunidad y su compromiso con la ciudad, ha proporcionado al club los recursos y el apoyo necesarios para alcanzar sus metas.<\/p>\n<p>Desde que se anunci\u00f3 esta alianza, el impacto ha sido notable por ambas partes, apoyando y gestando una comunidad de forofos que lo han dado todo por el equipo.<\/p>\n<h2 id=\"el-camino-hacia-el-ascenso\">El Camino hacia el Ascenso<\/h2>\n<p>El ascenso del M\u00e1laga CF a LaLiga no fue un camino f\u00e1cil. La temporada estuvo llena de desaf\u00edos, pero el equipo mostr\u00f3 una determinaci\u00f3n y un esp\u00edritu de lucha encomiables. Con el respaldo de Olin, el club pudo concentrarse en su rendimiento en el campo, sabiendo que contaba con el apoyo necesario para superar cualquier adversidad.<\/p>\n<p>La colaboraci\u00f3n con Olin fue crucial en momentos clave de la temporada realizando eventos en los que el aficionado fuese el protagonista y aumentando la conexi\u00f3n entre el malaguismo y el equipo.<\/p>\n<h2 id=\"m-s-all-del-f-tbol\">M\u00e1s All\u00e1 del F\u00fatbol<\/h2>\n<p>Lo que hace que la relaci\u00f3n entre Olin y el M\u00e1laga CF sea verdaderamente especial es su impacto duradero m\u00e1s all\u00e1 del \u00e1mbito deportivo. Ambas entidades comparten una visi\u00f3n de un futuro sostenible y pr\u00f3spero para la comunidad. A trav\u00e9s de su colaboraci\u00f3n, han demostrado que el deporte puede ser una herramienta poderosa para el cambio positivo.<\/p>\n<p><strong>\u00a1Vamos, malaguistas!<\/strong><\/p>\n<p><a class=\"button button--green\" href=\"https:\/\/olin.es\/es\/fibra\/\">Descubre las ofertas de fibra<\/a><\/p>\n","protected":false},"excerpt":{"rendered":"<p>En el vibrante mundo del f\u00fatbol, hay historias que trascienden m\u00e1s all\u00e1 del campo de juego, tejiendo conexiones profundas con la comunidad y sus valores. Una de estas historias es la emocionante asociaci\u00f3n que tenemos desde Olin, una empresa de telecomunicaciones malague\u00f1a, con el M\u00e1laga CF, un equipo con una rica historia y una apasionada [&hellip;]<\/p>\n","protected":false},"author":8,"featured_media":219136,"comment_status":"open","ping_status":"open","sticky":false,"template":"","format":"standard","meta":{"_acf_changed":false,"inline_featured_image":false,"footnotes":""},"categories":[1],"tags":[],"class_list":["post-60496","post","type-post","status-publish","format-standard","has-post-thumbnail","hentry","category-sin-categorizar"],"acf":[],"yoast_head":"<!-- This site is optimized with the Yoast SEO plugin v27.4 - https:\/\/yoast.com\/product\/yoast-seo-wordpress\/ -->\n<title>Olin y M\u00e1laga CF: Una Alianza para el Ascenso - Olin<\/title>\n<meta name=\"description\" content=\"Descubre c\u00f3mo la alianza entre Olin y el M\u00e1laga CF impulsa el ascenso del equipo y beneficia a la comunidad malague\u00f1a. Una historia de pasi\u00f3n, innovaci\u00f3n y compromiso local\" \/>\n<meta name=\"robots\" content=\"index, follow, max-snippet:-1, max-image-preview:large, max-video-preview:-1\" \/>\n<link rel=\"canonical\" href=\"https:\/\/olin.es\/es\/blog\/olin-y-malaga-cf-una-alianza-para-el-ascenso\/\" \/>\n<meta property=\"og:locale\" content=\"es_ES\" \/>\n<meta property=\"og:type\" content=\"article\" \/>\n<meta property=\"og:title\" content=\"Olin y M\u00e1laga CF: Una Alianza para el Ascenso - Olin\" \/>\n<meta property=\"og:description\" content=\"Descubre c\u00f3mo la alianza entre Olin y el M\u00e1laga CF impulsa el ascenso del equipo y beneficia a la comunidad malague\u00f1a. Una historia de pasi\u00f3n, innovaci\u00f3n y compromiso local\" \/>\n<meta property=\"og:url\" content=\"https:\/\/olin.es\/es\/blog\/olin-y-malaga-cf-una-alianza-para-el-ascenso\/\" \/>\n<meta property=\"og:site_name\" content=\"Olin\" \/>\n<meta property=\"article:publisher\" content=\"https:\/\/www.facebook.com\/olintelecom\" \/>\n<meta property=\"article:published_time\" content=\"2024-07-03T06:14:24+00:00\" \/>\n<meta property=\"article:modified_time\" content=\"2026-03-11T08:58:49+00:00\" \/>\n<meta property=\"og:image\" content=\"https:\/\/olin.es\/wp-content\/uploads\/2024\/07\/olin-malaga-cf-ascenso-1.jpg\" \/>\n\t<meta property=\"og:image:width\" content=\"1376\" \/>\n\t<meta property=\"og:image:height\" content=\"768\" \/>\n\t<meta property=\"og:image:type\" content=\"image\/jpeg\" \/>\n<meta name=\"author\" content=\"paco.coronel\" \/>\n<meta name=\"twitter:card\" content=\"summary_large_image\" \/>\n<meta name=\"twitter:label1\" content=\"Escrito por\" \/>\n\t<meta name=\"twitter:data1\" content=\"paco.coronel\" \/>\n\t<meta name=\"twitter:label2\" content=\"Tiempo de lectura\" \/>\n\t<meta name=\"twitter:data2\" content=\"3 minutos\" \/>\n<script type=\"application\/ld+json\" class=\"yoast-schema-graph\">{\"@context\":\"https:\\\/\\\/schema.org\",\"@graph\":[{\"@type\":\"Article\",\"@id\":\"https:\\\/\\\/olin.es\\\/es\\\/blog\\\/olin-y-malaga-cf-una-alianza-para-el-ascenso\\\/#article\",\"isPartOf\":{\"@id\":\"https:\\\/\\\/olin.es\\\/es\\\/blog\\\/olin-y-malaga-cf-una-alianza-para-el-ascenso\\\/\"},\"author\":{\"name\":\"paco.coronel\",\"@id\":\"https:\\\/\\\/olin.es\\\/es\\\/#\\\/schema\\\/person\\\/3fdc7ad5e1afa081e7b91255290b1041\"},\"headline\":\"Olin y M\u00e1laga CF: Una Alianza para el Ascenso\",\"datePublished\":\"2024-07-03T06:14:24+00:00\",\"dateModified\":\"2026-03-11T08:58:49+00:00\",\"mainEntityOfPage\":{\"@id\":\"https:\\\/\\\/olin.es\\\/es\\\/blog\\\/olin-y-malaga-cf-una-alianza-para-el-ascenso\\\/\"},\"wordCount\":565,\"commentCount\":0,\"publisher\":{\"@id\":\"https:\\\/\\\/olin.es\\\/es\\\/#organization\"},\"image\":{\"@id\":\"https:\\\/\\\/olin.es\\\/es\\\/blog\\\/olin-y-malaga-cf-una-alianza-para-el-ascenso\\\/#primaryimage\"},\"thumbnailUrl\":\"https:\\\/\\\/olin.es\\\/wp-content\\\/uploads\\\/2024\\\/07\\\/olin-malaga-cf-ascenso-1.jpg\",\"articleSection\":[\"Sin categorizar\"],\"inLanguage\":\"es\",\"potentialAction\":[{\"@type\":\"CommentAction\",\"name\":\"Comment\",\"target\":[\"https:\\\/\\\/olin.es\\\/es\\\/blog\\\/olin-y-malaga-cf-una-alianza-para-el-ascenso\\\/#respond\"]}]},{\"@type\":\"WebPage\",\"@id\":\"https:\\\/\\\/olin.es\\\/es\\\/blog\\\/olin-y-malaga-cf-una-alianza-para-el-ascenso\\\/\",\"url\":\"https:\\\/\\\/olin.es\\\/es\\\/blog\\\/olin-y-malaga-cf-una-alianza-para-el-ascenso\\\/\",\"name\":\"Olin y M\u00e1laga CF: Una Alianza para el Ascenso - Olin\",\"isPartOf\":{\"@id\":\"https:\\\/\\\/olin.es\\\/es\\\/#website\"},\"primaryImageOfPage\":{\"@id\":\"https:\\\/\\\/olin.es\\\/es\\\/blog\\\/olin-y-malaga-cf-una-alianza-para-el-ascenso\\\/#primaryimage\"},\"image\":{\"@id\":\"https:\\\/\\\/olin.es\\\/es\\\/blog\\\/olin-y-malaga-cf-una-alianza-para-el-ascenso\\\/#primaryimage\"},\"thumbnailUrl\":\"https:\\\/\\\/olin.es\\\/wp-content\\\/uploads\\\/2024\\\/07\\\/olin-malaga-cf-ascenso-1.jpg\",\"datePublished\":\"2024-07-03T06:14:24+00:00\",\"dateModified\":\"2026-03-11T08:58:49+00:00\",\"description\":\"Descubre c\u00f3mo la alianza entre Olin y el M\u00e1laga CF impulsa el ascenso del equipo y beneficia a la comunidad malague\u00f1a. Una historia de pasi\u00f3n, innovaci\u00f3n y compromiso local\",\"breadcrumb\":{\"@id\":\"https:\\\/\\\/olin.es\\\/es\\\/blog\\\/olin-y-malaga-cf-una-alianza-para-el-ascenso\\\/#breadcrumb\"},\"inLanguage\":\"es\",\"potentialAction\":[{\"@type\":\"ReadAction\",\"target\":[\"https:\\\/\\\/olin.es\\\/es\\\/blog\\\/olin-y-malaga-cf-una-alianza-para-el-ascenso\\\/\"]}]},{\"@type\":\"ImageObject\",\"inLanguage\":\"es\",\"@id\":\"https:\\\/\\\/olin.es\\\/es\\\/blog\\\/olin-y-malaga-cf-una-alianza-para-el-ascenso\\\/#primaryimage\",\"url\":\"https:\\\/\\\/olin.es\\\/wp-content\\\/uploads\\\/2024\\\/07\\\/olin-malaga-cf-ascenso-1.jpg\",\"contentUrl\":\"https:\\\/\\\/olin.es\\\/wp-content\\\/uploads\\\/2024\\\/07\\\/olin-malaga-cf-ascenso-1.jpg\",\"width\":1376,\"height\":768,\"caption\":\"Asociacion Olin Malaga CF para el ascenso\"},{\"@type\":\"BreadcrumbList\",\"@id\":\"https:\\\/\\\/olin.es\\\/es\\\/blog\\\/olin-y-malaga-cf-una-alianza-para-el-ascenso\\\/#breadcrumb\",\"itemListElement\":[{\"@type\":\"ListItem\",\"position\":1,\"name\":\"Inicio\",\"item\":\"https:\\\/\\\/olin.es\\\/es\\\/\"},{\"@type\":\"ListItem\",\"position\":2,\"name\":\"Olin y M\u00e1laga CF: Una Alianza para el Ascenso\"}]},{\"@type\":\"WebSite\",\"@id\":\"https:\\\/\\\/olin.es\\\/es\\\/#website\",\"url\":\"https:\\\/\\\/olin.es\\\/es\\\/\",\"name\":\"Olin\",\"description\":\"\",\"publisher\":{\"@id\":\"https:\\\/\\\/olin.es\\\/es\\\/#organization\"},\"alternateName\":\"Olin Telecom\",\"potentialAction\":[{\"@type\":\"SearchAction\",\"target\":{\"@type\":\"EntryPoint\",\"urlTemplate\":\"https:\\\/\\\/olin.es\\\/es\\\/?s={search_term_string}\"},\"query-input\":{\"@type\":\"PropertyValueSpecification\",\"valueRequired\":true,\"valueName\":\"search_term_string\"}}],\"inLanguage\":\"es\"},{\"@type\":\"Organization\",\"@id\":\"https:\\\/\\\/olin.es\\\/es\\\/#organization\",\"name\":\"Olin\",\"alternateName\":\"Olin Telecom\",\"url\":\"https:\\\/\\\/olin.es\\\/es\\\/\",\"logo\":{\"@type\":\"ImageObject\",\"inLanguage\":\"es\",\"@id\":\"https:\\\/\\\/olin.es\\\/es\\\/#\\\/schema\\\/logo\\\/image\\\/\",\"url\":\"https:\\\/\\\/olin.es\\\/wp-content\\\/uploads\\\/2025\\\/01\\\/logo-olin-1.svg\",\"contentUrl\":\"https:\\\/\\\/olin.es\\\/wp-content\\\/uploads\\\/2025\\\/01\\\/logo-olin-1.svg\",\"width\":1,\"height\":1,\"caption\":\"Olin\"},\"image\":{\"@id\":\"https:\\\/\\\/olin.es\\\/es\\\/#\\\/schema\\\/logo\\\/image\\\/\"},\"sameAs\":[\"https:\\\/\\\/www.facebook.com\\\/olintelecom\",\"https:\\\/\\\/www.instagram.com\\\/olin.oficial\\\/\",\"https:\\\/\\\/www.linkedin.com\\\/company\\\/olin-telecom\\\/\"]},{\"@type\":\"Person\",\"@id\":\"https:\\\/\\\/olin.es\\\/es\\\/#\\\/schema\\\/person\\\/3fdc7ad5e1afa081e7b91255290b1041\",\"name\":\"paco.coronel\",\"image\":{\"@type\":\"ImageObject\",\"inLanguage\":\"es\",\"@id\":\"https:\\\/\\\/secure.gravatar.com\\\/avatar\\\/ccd263eb80d0baa4081231b38837f3a2c36f1c65bd373b9cc0b61eef54476b8c?s=96&d=mm&r=g\",\"url\":\"https:\\\/\\\/secure.gravatar.com\\\/avatar\\\/ccd263eb80d0baa4081231b38837f3a2c36f1c65bd373b9cc0b61eef54476b8c?s=96&d=mm&r=g\",\"contentUrl\":\"https:\\\/\\\/secure.gravatar.com\\\/avatar\\\/ccd263eb80d0baa4081231b38837f3a2c36f1c65bd373b9cc0b61eef54476b8c?s=96&d=mm&r=g\",\"caption\":\"paco.coronel\"}}]}<\/script>\n<!-- \/ Yoast SEO plugin. -->","yoast_head_json":{"title":"Olin y M\u00e1laga CF: Una Alianza para el Ascenso - Olin","description":"Descubre c\u00f3mo la alianza entre Olin y el M\u00e1laga CF impulsa el ascenso del equipo y beneficia a la comunidad malague\u00f1a. Una historia de pasi\u00f3n, innovaci\u00f3n y compromiso local","robots":{"index":"index","follow":"follow","max-snippet":"max-snippet:-1","max-image-preview":"max-image-preview:large","max-video-preview":"max-video-preview:-1"},"canonical":"https:\/\/olin.es\/es\/blog\/olin-y-malaga-cf-una-alianza-para-el-ascenso\/","og_locale":"es_ES","og_type":"article","og_title":"Olin y M\u00e1laga CF: Una Alianza para el Ascenso - Olin","og_description":"Descubre c\u00f3mo la alianza entre Olin y el M\u00e1laga CF impulsa el ascenso del equipo y beneficia a la comunidad malague\u00f1a. Una historia de pasi\u00f3n, innovaci\u00f3n y compromiso local","og_url":"https:\/\/olin.es\/es\/blog\/olin-y-malaga-cf-una-alianza-para-el-ascenso\/","og_site_name":"Olin","article_publisher":"https:\/\/www.facebook.com\/olintelecom","article_published_time":"2024-07-03T06:14:24+00:00","article_modified_time":"2026-03-11T08:58:49+00:00","og_image":[{"width":1376,"height":768,"url":"https:\/\/olin.es\/wp-content\/uploads\/2024\/07\/olin-malaga-cf-ascenso-1.jpg","type":"image\/jpeg"}],"author":"paco.coronel","twitter_card":"summary_large_image","twitter_misc":{"Escrito por":"paco.coronel","Tiempo de lectura":"3 minutos"},"schema":{"@context":"https:\/\/schema.org","@graph":[{"@type":"Article","@id":"https:\/\/olin.es\/es\/blog\/olin-y-malaga-cf-una-alianza-para-el-ascenso\/#article","isPartOf":{"@id":"https:\/\/olin.es\/es\/blog\/olin-y-malaga-cf-una-alianza-para-el-ascenso\/"},"author":{"name":"paco.coronel","@id":"https:\/\/olin.es\/es\/#\/schema\/person\/3fdc7ad5e1afa081e7b91255290b1041"},"headline":"Olin y M\u00e1laga CF: Una Alianza para el Ascenso","datePublished":"2024-07-03T06:14:24+00:00","dateModified":"2026-03-11T08:58:49+00:00","mainEntityOfPage":{"@id":"https:\/\/olin.es\/es\/blog\/olin-y-malaga-cf-una-alianza-para-el-ascenso\/"},"wordCount":565,"commentCount":0,"publisher":{"@id":"https:\/\/olin.es\/es\/#organization"},"image":{"@id":"https:\/\/olin.es\/es\/blog\/olin-y-malaga-cf-una-alianza-para-el-ascenso\/#primaryimage"},"thumbnailUrl":"https:\/\/olin.es\/wp-content\/uploads\/2024\/07\/olin-malaga-cf-ascenso-1.jpg","articleSection":["Sin categorizar"],"inLanguage":"es","potentialAction":[{"@type":"CommentAction","name":"Comment","target":["https:\/\/olin.es\/es\/blog\/olin-y-malaga-cf-una-alianza-para-el-ascenso\/#respond"]}]},{"@type":"WebPage","@id":"https:\/\/olin.es\/es\/blog\/olin-y-malaga-cf-una-alianza-para-el-ascenso\/","url":"https:\/\/olin.es\/es\/blog\/olin-y-malaga-cf-una-alianza-para-el-ascenso\/","name":"Olin y M\u00e1laga CF: Una Alianza para el Ascenso - Olin","isPartOf":{"@id":"https:\/\/olin.es\/es\/#website"},"primaryImageOfPage":{"@id":"https:\/\/olin.es\/es\/blog\/olin-y-malaga-cf-una-alianza-para-el-ascenso\/#primaryimage"},"image":{"@id":"https:\/\/olin.es\/es\/blog\/olin-y-malaga-cf-una-alianza-para-el-ascenso\/#primaryimage"},"thumbnailUrl":"https:\/\/olin.es\/wp-content\/uploads\/2024\/07\/olin-malaga-cf-ascenso-1.jpg","datePublished":"2024-07-03T06:14:24+00:00","dateModified":"2026-03-11T08:58:49+00:00","description":"Descubre c\u00f3mo la alianza entre Olin y el M\u00e1laga CF impulsa el ascenso del equipo y beneficia a la comunidad malague\u00f1a. Una historia de pasi\u00f3n, innovaci\u00f3n y compromiso local","breadcrumb":{"@id":"https:\/\/olin.es\/es\/blog\/olin-y-malaga-cf-una-alianza-para-el-ascenso\/#breadcrumb"},"inLanguage":"es","potentialAction":[{"@type":"ReadAction","target":["https:\/\/olin.es\/es\/blog\/olin-y-malaga-cf-una-alianza-para-el-ascenso\/"]}]},{"@type":"ImageObject","inLanguage":"es","@id":"https:\/\/olin.es\/es\/blog\/olin-y-malaga-cf-una-alianza-para-el-ascenso\/#primaryimage","url":"https:\/\/olin.es\/wp-content\/uploads\/2024\/07\/olin-malaga-cf-ascenso-1.jpg","contentUrl":"https:\/\/olin.es\/wp-content\/uploads\/2024\/07\/olin-malaga-cf-ascenso-1.jpg","width":1376,"height":768,"caption":"Asociacion Olin Malaga CF para el ascenso"},{"@type":"BreadcrumbList","@id":"https:\/\/olin.es\/es\/blog\/olin-y-malaga-cf-una-alianza-para-el-ascenso\/#breadcrumb","itemListElement":[{"@type":"ListItem","position":1,"name":"Inicio","item":"https:\/\/olin.es\/es\/"},{"@type":"ListItem","position":2,"name":"Olin y M\u00e1laga CF: Una Alianza para el Ascenso"}]},{"@type":"WebSite","@id":"https:\/\/olin.es\/es\/#website","url":"https:\/\/olin.es\/es\/","name":"Olin","description":"","publisher":{"@id":"https:\/\/olin.es\/es\/#organization"},"alternateName":"Olin Telecom","potentialAction":[{"@type":"SearchAction","target":{"@type":"EntryPoint","urlTemplate":"https:\/\/olin.es\/es\/?s={search_term_string}"},"query-input":{"@type":"PropertyValueSpecification","valueRequired":true,"valueName":"search_term_string"}}],"inLanguage":"es"},{"@type":"Organization","@id":"https:\/\/olin.es\/es\/#organization","name":"Olin","alternateName":"Olin Telecom","url":"https:\/\/olin.es\/es\/","logo":{"@type":"ImageObject","inLanguage":"es","@id":"https:\/\/olin.es\/es\/#\/schema\/logo\/image\/","url":"https:\/\/olin.es\/wp-content\/uploads\/2025\/01\/logo-olin-1.svg","contentUrl":"https:\/\/olin.es\/wp-content\/uploads\/2025\/01\/logo-olin-1.svg","width":1,"height":1,"caption":"Olin"},"image":{"@id":"https:\/\/olin.es\/es\/#\/schema\/logo\/image\/"},"sameAs":["https:\/\/www.facebook.com\/olintelecom","https:\/\/www.instagram.com\/olin.oficial\/","https:\/\/www.linkedin.com\/company\/olin-telecom\/"]},{"@type":"Person","@id":"https:\/\/olin.es\/es\/#\/schema\/person\/3fdc7ad5e1afa081e7b91255290b1041","name":"paco.coronel","image":{"@type":"ImageObject","inLanguage":"es","@id":"https:\/\/secure.gravatar.com\/avatar\/ccd263eb80d0baa4081231b38837f3a2c36f1c65bd373b9cc0b61eef54476b8c?s=96&d=mm&r=g","url":"https:\/\/secure.gravatar.com\/avatar\/ccd263eb80d0baa4081231b38837f3a2c36f1c65bd373b9cc0b61eef54476b8c?s=96&d=mm&r=g","contentUrl":"https:\/\/secure.gravatar.com\/avatar\/ccd263eb80d0baa4081231b38837f3a2c36f1c65bd373b9cc0b61eef54476b8c?s=96&d=mm&r=g","caption":"paco.coronel"}}]}},"_links":{"self":[{"href":"https:\/\/olin.es\/es\/wp-json\/wp\/v2\/posts\/60496","targetHints":{"allow":["GET"]}}],"collection":[{"href":"https:\/\/olin.es\/es\/wp-json\/wp\/v2\/posts"}],"about":[{"href":"https:\/\/olin.es\/es\/wp-json\/wp\/v2\/types\/post"}],"author":[{"embeddable":true,"href":"https:\/\/olin.es\/es\/wp-json\/wp\/v2\/users\/8"}],"replies":[{"embeddable":true,"href":"https:\/\/olin.es\/es\/wp-json\/wp\/v2\/comments?post=60496"}],"version-history":[{"count":1,"href":"https:\/\/olin.es\/es\/wp-json\/wp\/v2\/posts\/60496\/revisions"}],"predecessor-version":[{"id":219138,"href":"https:\/\/olin.es\/es\/wp-json\/wp\/v2\/posts\/60496\/revisions\/219138"}],"wp:featuredmedia":[{"embeddable":true,"href":"https:\/\/olin.es\/es\/wp-json\/wp\/v2\/media\/219136"}],"wp:attachment":[{"href":"https:\/\/olin.es\/es\/wp-json\/wp\/v2\/media?parent=60496"}],"wp:term":[{"taxonomy":"category","embeddable":true,"href":"https:\/\/olin.es\/es\/wp-json\/wp\/v2\/categories?post=60496"},{"taxonomy":"post_tag","embeddable":true,"href":"https:\/\/olin.es\/es\/wp-json\/wp\/v2\/tags?post=60496"}],"curies":[{"name":"wp","href":"https:\/\/api.w.org\/{rel}","templated":true}]}}